{"id":109,"date":"2018-12-09T17:46:41","date_gmt":"2018-12-09T16:46:41","guid":{"rendered":"http:\/\/laiz.fr\/wordpress\/?p=109"},"modified":"2026-03-26T11:26:49","modified_gmt":"2026-03-26T10:26:49","slug":"compte-rendus","status":"publish","type":"post","link":"https:\/\/laiz.fr\/wordpress\/compte-rendus\/","title":{"rendered":"Proc\u00e8s verbaux"},"content":{"rendered":"<p>Vous trouverez\u00a0 sur cette page les diff\u00e9rents proc\u00e8s-verbaux des r\u00e9unions du conseil municipal :<\/p>\n<h3 style=\"text-align: center;\"><a href=\"_wp_link_placeholder\" data-wplink-edit=\"true\"><span style=\"color: #ff0000;\"><strong>2026<\/strong><\/span><\/a><\/h3>\n<p><a href=\"_wp_link_placeholder\" data-wplink-edit=\"true\"><span style=\"text-decoration: underline;\"><span style=\"color: #99cc00; text-decoration: underline;\"><span style=\"color: #339966; text-decoration: underline;\">PV CM du 10 f\u00e9vrie<\/span>r<\/span><\/span><\/a><\/p>\n<p><a href=\"https:\/\/laiz.fr\/wordpress\/wp-content\/uploads\/2026\/03\/PV-13-JANVIER-2026-1.pdf\">PV CM du 13 janvier 2026<\/a><\/p>\n<h3 style=\"text-align: center;\"><span style=\"color: #ff0000; background-color: #ffcc99;\"><strong>2025<\/strong><\/span><\/h3>\n<p><a href=\"https:\/\/laiz.fr\/wordpress\/wp-content\/uploads\/2025\/11\/PV-18-NOVEMBRE-2025.pdf\">PV CM du 18 NOVEMBRE 2025<\/a><\/p>\n<p><a href=\"https:\/\/laiz.fr\/wordpress\/wp-content\/uploads\/2025\/11\/PV-23-SEPTEMBRE-2025.pdf\">PV CM du 23 septembre 2025<\/a><\/p>\n<p><a href=\"https:\/\/laiz.fr\/wordpress\/wp-content\/uploads\/2025\/10\/PV-22-JUILLET-2025-.pdf\">PV CM du 22 juillet 2025<\/a><\/p>\n<p><a href=\"https:\/\/laiz.fr\/wordpress\/wp-content\/uploads\/2025\/08\/PV-27-MAI-2025.pdf\">PV CM du 27 mai 2025<\/a><\/p>\n<p><a href=\"https:\/\/laiz.fr\/wordpress\/wp-content\/uploads\/2025\/06\/PV-AVRIL-2025.pdf\">PV CM du 15 avril 2025<\/a><\/p>\n<p><a href=\"https:\/\/laiz.fr\/wordpress\/wp-content\/uploads\/2025\/04\/PV-18-MARS-2025.pdf\">PV CM 18 mars 2025<\/a><\/p>\n<p><a href=\"https:\/\/laiz.fr\/wordpress\/wp-content\/uploads\/2025\/03\/PV-14-JANVIER-2025.pdf\">PV CM\u00a0 14 janvier 2025<\/a><\/p>\n<h3 style=\"text-align: center;\"><span style=\"color: #ff0000; background-color: #ffcc99;\"><strong>2024<\/strong><\/span><\/h3>\n<p><a href=\"https:\/\/laiz.fr\/wordpress\/wp-content\/uploads\/2025\/01\/PV-10-DECEMBRE-2024.pdf\">PV CM 10 decembre 2024<\/a><\/p>\n<p><a href=\"https:\/\/laiz.fr\/wordpress\/wp-content\/uploads\/2024\/12\/PV-5-NOVEMBRE-2024.pdf\">PV CM du 5 novembre 2024<\/a><\/p>\n<p><a href=\"https:\/\/laiz.fr\/wordpress\/wp-content\/uploads\/2024\/11\/PV-CM-8-OCTOBRE-2024.pdf\">PV CM du 8 octobre 2024<\/a><\/p>\n<p><a href=\"https:\/\/laiz.fr\/wordpress\/wp-content\/uploads\/2024\/10\/PV-Conseil-Municipal-du-27-Aout-2024-non-signe.pdf\">PV CM du 27 aout 2024 <\/a><\/p>\n<p><a href=\"https:\/\/laiz.fr\/wordpress\/wp-content\/uploads\/2024\/08\/PV-Conseil-Municipal-du-11-Juin-2024.pdf\">PV CM du 11 juin 2024<\/a><\/p>\n<p><a href=\"https:\/\/laiz.fr\/wordpress\/wp-content\/uploads\/2024\/06\/PV-Conseil-Municipal-du-18-avril-2024.pdf\">PV CM du 18 avril 2024<\/a><\/p>\n<p><a href=\"https:\/\/laiz.fr\/wordpress\/wp-content\/uploads\/2024\/06\/PV-28-MARS-2024.pdf\">PV CM du 28 mars 2024<\/a><\/p>\n<p><a href=\"https:\/\/laiz.fr\/wordpress\/wp-content\/uploads\/2024\/04\/PV-DU-27022024.pdf\">PV CM du 27 fevrier 2024<\/a><\/p>\n<p><a href=\"https:\/\/laiz.fr\/wordpress\/wp-content\/uploads\/2024\/04\/PV-DU-23012024.pdf\">PV CM du 23 janvier 2024<\/a><\/p>\n<h3 style=\"text-align: center;\"><span style=\"color: #ff0000; background-color: #ffcc99;\"><strong>2023<\/strong><\/span><\/h3>\n<p><a href=\"https:\/\/laiz.fr\/wordpress\/wp-content\/uploads\/2024\/03\/PV-5-DECEMBRE-2023.pdf\">PV CM 5 decembre 2023<\/a><\/p>\n<p><a href=\"https:\/\/laiz.fr\/wordpress\/wp-content\/uploads\/2024\/01\/PV-17-OCTOBRE-2023.pdf\">PV CM\u00a0 17 octobre 2023<\/a><\/p>\n<p><a href=\"https:\/\/laiz.fr\/wordpress\/wp-content\/uploads\/2023\/10\/PV-19-SEPTEMBRE-2023.pdf\">PV CM 19 septembre 2023<\/a><\/p>\n<p><a href=\"https:\/\/laiz.fr\/wordpress\/wp-content\/uploads\/2023\/10\/PV-11-JUILLET-2023.pdf\">PV CM 11 juillet 2023<\/a><\/p>\n<p><a href=\"https:\/\/laiz.fr\/wordpress\/wp-content\/uploads\/2023\/07\/PV-9-MAI-2023.pdf\">PV CM du 9 mai 2023<\/a><\/p>\n<p><a href=\"https:\/\/laiz.fr\/wordpress\/wp-content\/uploads\/2023\/05\/PV-CM-du-22-mars-2023.pdf\">PV CM du 22 mars 2023<\/a><\/p>\n<p><a href=\"https:\/\/laiz.fr\/wordpress\/wp-content\/uploads\/2023\/04\/PV-CM-du-22-FEVRIER-2023.pdf\">PV CM du 22 f\u00e9vrier 2023<\/a><\/p>\n<p><a href=\"https:\/\/laiz.fr\/wordpress\/wp-content\/uploads\/2023\/03\/PV-24-JANVIER-2023.pdf\">PV CM du 24 janvier 2023<\/a><\/p>\n<h3 style=\"text-align: center;\"><span style=\"color: #ff0000; background-color: #ffcc99;\"><strong>2022<\/strong><\/span><\/h3>\n<p><a href=\"https:\/\/laiz.fr\/wordpress\/wp-content\/uploads\/2023\/01\/PV-13-DECEMBRE-2022.pdf\">PV CM du 13 d\u00e9cembre 2022<\/a><\/p>\n<p><a href=\"https:\/\/laiz.fr\/wordpress\/wp-content\/uploads\/2022\/12\/PV-15-NOVEMBRE-2022-1-1.pdf\">PV CM du 15 novembre 2022 <\/a><\/p>\n<p><a href=\"https:\/\/laiz.fr\/wordpress\/wp-content\/uploads\/2022\/12\/PV-12-OCTOBRE-2022-1.pdf\">PV CM du 12 octobre 2022<\/a><\/p>\n<p><a href=\"https:\/\/laiz.fr\/wordpress\/wp-content\/uploads\/2022\/11\/PV-13-SEPTEMBRE-2022.pdf\">PV CM du 13 septembre 2022<\/a><\/p>\n<p><a href=\"https:\/\/laiz.fr\/wordpress\/wp-content\/uploads\/2022\/09\/PV-CM-19-JUILLET-2022.pdf\">PV CM du 19 juillet 2022<\/a><\/p>\n<p><a href=\"https:\/\/laiz.fr\/wordpress\/wp-content\/uploads\/2022\/09\/PV-CM-6-JUILLET-2022.pdf\">PV CM du 6 juillet 2022<\/a><\/p>\n<p><a href=\"https:\/\/laiz.fr\/wordpress\/wp-content\/uploads\/2022\/09\/COMPTE-RENDU-CM-22-JUIN-2022.pdf\">CR CM du 22 juin 2022<\/a><\/p>\n<p><a href=\"https:\/\/laiz.fr\/wordpress\/wp-content\/uploads\/2022\/09\/COMPTE-RENDU-CM-24-MAI-2022.pdf\">CR CM du 24 mai 2022<\/a><\/p>\n<h3 style=\"text-align: center;\">\u00a0<\/h3>\n<h4 style=\"text-align: center;\">\u00a0<\/h4>\n\n\n<div data-wp-interactive=\"core\/file\" class=\"wp-block-file\"><object data-wp-bind--hidden=\"!state.hasPdfPreview\" hidden class=\"wp-block-file__embed\" data=\"https:\/\/laiz.fr\/wordpress\/wp-content\/uploads\/2018\/12\/PV-10-FVERIER-2026.pdf\" type=\"application\/pdf\" style=\"width:100%;height:600px\" aria-label=\"Contenu embarqu\u00e9 PV 10 FVERIER 2026.\"><\/object><a id=\"wp-block-file--media-f72d520b-91cd-4cda-a09e-e40c17d78fd7\" href=\"https:\/\/laiz.fr\/wordpress\/wp-content\/uploads\/2018\/12\/PV-10-FVERIER-2026.pdf\">PV 10 FVERIER 2026<\/a><a href=\"https:\/\/laiz.fr\/wordpress\/wp-content\/uploads\/2018\/12\/PV-10-FVERIER-2026.pdf\" class=\"wp-block-file__button wp-element-button\" download aria-describedby=\"wp-block-file--media-f72d520b-91cd-4cda-a09e-e40c17d78fd7\">T\u00e9l\u00e9charger<\/a><\/div>\n\n\n\n\n","protected":false},"excerpt":{"rendered":"<p>Vous trouverez\u00a0 sur cette page les diff\u00e9rents proc\u00e8s-verbaux des r\u00e9unions du conseil municipal : 2026 PV CM du 10 f\u00e9vrier PV CM du 13 janvier 2026 2025 PV CM du 18 NOVEMBRE 2025 PV CM du 23 septembre 2025 PV CM du 22 juillet 2025 PV CM du 27 mai 2025 PV CM du 15 &hellip; <a href=\"https:\/\/laiz.fr\/wordpress\/compte-rendus\/\" class=\"more-link\">Continuer la lecture de <span class=\"screen-reader-text\">Proc\u00e8s verbaux<\/span>  <span class=\"meta-nav\">&rarr;<\/span><\/a><\/p>\n","protected":false},"author":1,"featured_media":0,"comment_status":"closed","ping_status":"closed","sticky":false,"template":"","format":"standard","meta":{"footnotes":""},"categories":[5],"tags":[],"class_list":["post-109","post","type-post","status-publish","format-standard","hentry","category-municipalite"],"yoast_head":"<!-- This site is optimized with the Yoast SEO plugin v27.5 - https:\/\/yoast.com\/product\/yoast-seo-wordpress\/ -->\n<title>Proc\u00e8s verbaux - MAIRIE DE LAIZ<\/title>\n<meta name=\"robots\" content=\"index, follow, max-snippet:-1, max-image-preview:large, max-video-preview:-1\" \/>\n<link rel=\"canonical\" href=\"https:\/\/laiz.fr\/wordpress\/compte-rendus\/\" \/>\n<meta property=\"og:locale\" content=\"fr_FR\" \/>\n<meta property=\"og:type\" content=\"article\" \/>\n<meta property=\"og:title\" content=\"Proc\u00e8s verbaux - MAIRIE DE LAIZ\" \/>\n<meta property=\"og:description\" content=\"Vous trouverez\u00a0 sur cette page les diff\u00e9rents proc\u00e8s-verbaux des r\u00e9unions du conseil municipal : 2026 PV CM du 10 f\u00e9vrier PV CM du 13 janvier 2026 2025 PV CM du 18 NOVEMBRE 2025 PV CM du 23 septembre 2025 PV CM du 22 juillet 2025 PV CM du 27 mai 2025 PV CM du 15 &hellip; Continuer la lecture de Proc\u00e8s verbaux &rarr;\" \/>\n<meta property=\"og:url\" content=\"https:\/\/laiz.fr\/wordpress\/compte-rendus\/\" \/>\n<meta property=\"og:site_name\" content=\"MAIRIE DE LAIZ\" \/>\n<meta property=\"article:publisher\" content=\"https:\/\/www.facebook.com\/villagedelaiz\" \/>\n<meta property=\"article:author\" content=\"https:\/\/www.facebook.com\/villagedelaiz\" \/>\n<meta property=\"article:published_time\" content=\"2018-12-09T16:46:41+00:00\" \/>\n<meta property=\"article:modified_time\" content=\"2026-03-26T10:26:49+00:00\" \/>\n<meta property=\"og:image\" content=\"https:\/\/laiz.fr\/wordpress\/wp-content\/uploads\/2016\/06\/laizlogo2.jpg\" \/>\n\t<meta property=\"og:image:width\" content=\"935\" \/>\n\t<meta property=\"og:image:height\" content=\"591\" \/>\n\t<meta property=\"og:image:type\" content=\"image\/jpeg\" \/>\n<meta name=\"author\" content=\"S\u00e9bastien Schauving\" \/>\n<meta name=\"twitter:label1\" content=\"\u00c9crit par\" \/>\n\t<meta name=\"twitter:data1\" content=\"S\u00e9bastien Schauving\" \/>\n\t<meta name=\"twitter:label2\" content=\"Dur\u00e9e de lecture estim\u00e9e\" \/>\n\t<meta name=\"twitter:data2\" content=\"2 minutes\" \/>\n<script type=\"application\/ld+json\" class=\"yoast-schema-graph\">{\"@context\":\"https:\\\/\\\/schema.org\",\"@graph\":[{\"@type\":\"Article\",\"@id\":\"https:\\\/\\\/laiz.fr\\\/wordpress\\\/compte-rendus\\\/#article\",\"isPartOf\":{\"@id\":\"https:\\\/\\\/laiz.fr\\\/wordpress\\\/compte-rendus\\\/\"},\"author\":{\"name\":\"S\u00e9bastien Schauving\",\"@id\":\"https:\\\/\\\/laiz.fr\\\/wordpress\\\/#\\\/schema\\\/person\\\/77a4a54746e7c6eece2474c96338c6d0\"},\"headline\":\"Proc\u00e8s verbaux\",\"datePublished\":\"2018-12-09T16:46:41+00:00\",\"dateModified\":\"2026-03-26T10:26:49+00:00\",\"mainEntityOfPage\":{\"@id\":\"https:\\\/\\\/laiz.fr\\\/wordpress\\\/compte-rendus\\\/\"},\"wordCount\":156,\"articleSection\":[\"Municipalit\u00e9\"],\"inLanguage\":\"fr-FR\"},{\"@type\":\"WebPage\",\"@id\":\"https:\\\/\\\/laiz.fr\\\/wordpress\\\/compte-rendus\\\/\",\"url\":\"https:\\\/\\\/laiz.fr\\\/wordpress\\\/compte-rendus\\\/\",\"name\":\"Proc\u00e8s verbaux - MAIRIE DE LAIZ\",\"isPartOf\":{\"@id\":\"https:\\\/\\\/laiz.fr\\\/wordpress\\\/#website\"},\"datePublished\":\"2018-12-09T16:46:41+00:00\",\"dateModified\":\"2026-03-26T10:26:49+00:00\",\"author\":{\"@id\":\"https:\\\/\\\/laiz.fr\\\/wordpress\\\/#\\\/schema\\\/person\\\/77a4a54746e7c6eece2474c96338c6d0\"},\"breadcrumb\":{\"@id\":\"https:\\\/\\\/laiz.fr\\\/wordpress\\\/compte-rendus\\\/#breadcrumb\"},\"inLanguage\":\"fr-FR\",\"potentialAction\":[{\"@type\":\"ReadAction\",\"target\":[\"https:\\\/\\\/laiz.fr\\\/wordpress\\\/compte-rendus\\\/\"]}]},{\"@type\":\"BreadcrumbList\",\"@id\":\"https:\\\/\\\/laiz.fr\\\/wordpress\\\/compte-rendus\\\/#breadcrumb\",\"itemListElement\":[{\"@type\":\"ListItem\",\"position\":1,\"name\":\"Accueil\",\"item\":\"https:\\\/\\\/laiz.fr\\\/wordpress\\\/\"},{\"@type\":\"ListItem\",\"position\":2,\"name\":\"Proc\u00e8s verbaux\"}]},{\"@type\":\"WebSite\",\"@id\":\"https:\\\/\\\/laiz.fr\\\/wordpress\\\/#website\",\"url\":\"https:\\\/\\\/laiz.fr\\\/wordpress\\\/\",\"name\":\"MAIRIE DE LAIZ\",\"description\":\"Un village agr\u00e9able \u00e0 vivre\",\"potentialAction\":[{\"@type\":\"SearchAction\",\"target\":{\"@type\":\"EntryPoint\",\"urlTemplate\":\"https:\\\/\\\/laiz.fr\\\/wordpress\\\/?s={search_term_string}\"},\"query-input\":{\"@type\":\"PropertyValueSpecification\",\"valueRequired\":true,\"valueName\":\"search_term_string\"}}],\"inLanguage\":\"fr-FR\"},{\"@type\":\"Person\",\"@id\":\"https:\\\/\\\/laiz.fr\\\/wordpress\\\/#\\\/schema\\\/person\\\/77a4a54746e7c6eece2474c96338c6d0\",\"name\":\"S\u00e9bastien Schauving\",\"image\":{\"@type\":\"ImageObject\",\"inLanguage\":\"fr-FR\",\"@id\":\"https:\\\/\\\/secure.gravatar.com\\\/avatar\\\/9baa08d2b7992604fe677df465f2b52121b93976e79c93d64275cda3434b97ac?s=96&d=mm&r=g\",\"url\":\"https:\\\/\\\/secure.gravatar.com\\\/avatar\\\/9baa08d2b7992604fe677df465f2b52121b93976e79c93d64275cda3434b97ac?s=96&d=mm&r=g\",\"contentUrl\":\"https:\\\/\\\/secure.gravatar.com\\\/avatar\\\/9baa08d2b7992604fe677df465f2b52121b93976e79c93d64275cda3434b97ac?s=96&d=mm&r=g\",\"caption\":\"S\u00e9bastien Schauving\"},\"description\":\"Equipe communication de la mairie de Laiz\",\"sameAs\":[\"https:\\\/\\\/www.facebook.com\\\/villagedelaiz\"]}]}<\/script>\n<!-- \/ Yoast SEO plugin. -->","yoast_head_json":{"title":"Proc\u00e8s verbaux - MAIRIE DE LAIZ","robots":{"index":"index","follow":"follow","max-snippet":"max-snippet:-1","max-image-preview":"max-image-preview:large","max-video-preview":"max-video-preview:-1"},"canonical":"https:\/\/laiz.fr\/wordpress\/compte-rendus\/","og_locale":"fr_FR","og_type":"article","og_title":"Proc\u00e8s verbaux - MAIRIE DE LAIZ","og_description":"Vous trouverez\u00a0 sur cette page les diff\u00e9rents proc\u00e8s-verbaux des r\u00e9unions du conseil municipal : 2026 PV CM du 10 f\u00e9vrier PV CM du 13 janvier 2026 2025 PV CM du 18 NOVEMBRE 2025 PV CM du 23 septembre 2025 PV CM du 22 juillet 2025 PV CM du 27 mai 2025 PV CM du 15 &hellip; Continuer la lecture de Proc\u00e8s verbaux &rarr;","og_url":"https:\/\/laiz.fr\/wordpress\/compte-rendus\/","og_site_name":"MAIRIE DE LAIZ","article_publisher":"https:\/\/www.facebook.com\/villagedelaiz","article_author":"https:\/\/www.facebook.com\/villagedelaiz","article_published_time":"2018-12-09T16:46:41+00:00","article_modified_time":"2026-03-26T10:26:49+00:00","og_image":[{"width":935,"height":591,"url":"https:\/\/laiz.fr\/wordpress\/wp-content\/uploads\/2016\/06\/laizlogo2.jpg","type":"image\/jpeg"}],"author":"S\u00e9bastien Schauving","twitter_misc":{"\u00c9crit par":"S\u00e9bastien Schauving","Dur\u00e9e de lecture estim\u00e9e":"2 minutes"},"schema":{"@context":"https:\/\/schema.org","@graph":[{"@type":"Article","@id":"https:\/\/laiz.fr\/wordpress\/compte-rendus\/#article","isPartOf":{"@id":"https:\/\/laiz.fr\/wordpress\/compte-rendus\/"},"author":{"name":"S\u00e9bastien Schauving","@id":"https:\/\/laiz.fr\/wordpress\/#\/schema\/person\/77a4a54746e7c6eece2474c96338c6d0"},"headline":"Proc\u00e8s verbaux","datePublished":"2018-12-09T16:46:41+00:00","dateModified":"2026-03-26T10:26:49+00:00","mainEntityOfPage":{"@id":"https:\/\/laiz.fr\/wordpress\/compte-rendus\/"},"wordCount":156,"articleSection":["Municipalit\u00e9"],"inLanguage":"fr-FR"},{"@type":"WebPage","@id":"https:\/\/laiz.fr\/wordpress\/compte-rendus\/","url":"https:\/\/laiz.fr\/wordpress\/compte-rendus\/","name":"Proc\u00e8s verbaux - MAIRIE DE LAIZ","isPartOf":{"@id":"https:\/\/laiz.fr\/wordpress\/#website"},"datePublished":"2018-12-09T16:46:41+00:00","dateModified":"2026-03-26T10:26:49+00:00","author":{"@id":"https:\/\/laiz.fr\/wordpress\/#\/schema\/person\/77a4a54746e7c6eece2474c96338c6d0"},"breadcrumb":{"@id":"https:\/\/laiz.fr\/wordpress\/compte-rendus\/#breadcrumb"},"inLanguage":"fr-FR","potentialAction":[{"@type":"ReadAction","target":["https:\/\/laiz.fr\/wordpress\/compte-rendus\/"]}]},{"@type":"BreadcrumbList","@id":"https:\/\/laiz.fr\/wordpress\/compte-rendus\/#breadcrumb","itemListElement":[{"@type":"ListItem","position":1,"name":"Accueil","item":"https:\/\/laiz.fr\/wordpress\/"},{"@type":"ListItem","position":2,"name":"Proc\u00e8s verbaux"}]},{"@type":"WebSite","@id":"https:\/\/laiz.fr\/wordpress\/#website","url":"https:\/\/laiz.fr\/wordpress\/","name":"MAIRIE DE LAIZ","description":"Un village agr\u00e9able \u00e0 vivre","potentialAction":[{"@type":"SearchAction","target":{"@type":"EntryPoint","urlTemplate":"https:\/\/laiz.fr\/wordpress\/?s={search_term_string}"},"query-input":{"@type":"PropertyValueSpecification","valueRequired":true,"valueName":"search_term_string"}}],"inLanguage":"fr-FR"},{"@type":"Person","@id":"https:\/\/laiz.fr\/wordpress\/#\/schema\/person\/77a4a54746e7c6eece2474c96338c6d0","name":"S\u00e9bastien Schauving","image":{"@type":"ImageObject","inLanguage":"fr-FR","@id":"https:\/\/secure.gravatar.com\/avatar\/9baa08d2b7992604fe677df465f2b52121b93976e79c93d64275cda3434b97ac?s=96&d=mm&r=g","url":"https:\/\/secure.gravatar.com\/avatar\/9baa08d2b7992604fe677df465f2b52121b93976e79c93d64275cda3434b97ac?s=96&d=mm&r=g","contentUrl":"https:\/\/secure.gravatar.com\/avatar\/9baa08d2b7992604fe677df465f2b52121b93976e79c93d64275cda3434b97ac?s=96&d=mm&r=g","caption":"S\u00e9bastien Schauving"},"description":"Equipe communication de la mairie de Laiz","sameAs":["https:\/\/www.facebook.com\/villagedelaiz"]}]}},"_links":{"self":[{"href":"https:\/\/laiz.fr\/wordpress\/wp-json\/wp\/v2\/posts\/109","targetHints":{"allow":["GET"]}}],"collection":[{"href":"https:\/\/laiz.fr\/wordpress\/wp-json\/wp\/v2\/posts"}],"about":[{"href":"https:\/\/laiz.fr\/wordpress\/wp-json\/wp\/v2\/types\/post"}],"author":[{"embeddable":true,"href":"https:\/\/laiz.fr\/wordpress\/wp-json\/wp\/v2\/users\/1"}],"replies":[{"embeddable":true,"href":"https:\/\/laiz.fr\/wordpress\/wp-json\/wp\/v2\/comments?post=109"}],"version-history":[{"count":103,"href":"https:\/\/laiz.fr\/wordpress\/wp-json\/wp\/v2\/posts\/109\/revisions"}],"predecessor-version":[{"id":7058,"href":"https:\/\/laiz.fr\/wordpress\/wp-json\/wp\/v2\/posts\/109\/revisions\/7058"}],"wp:attachment":[{"href":"https:\/\/laiz.fr\/wordpress\/wp-json\/wp\/v2\/media?parent=109"}],"wp:term":[{"taxonomy":"category","embeddable":true,"href":"https:\/\/laiz.fr\/wordpress\/wp-json\/wp\/v2\/categories?post=109"},{"taxonomy":"post_tag","embeddable":true,"href":"https:\/\/laiz.fr\/wordpress\/wp-json\/wp\/v2\/tags?post=109"}],"curies":[{"name":"wp","href":"https:\/\/api.w.org\/{rel}","templated":true}]}}