{"id":912,"date":"2018-06-26T11:10:16","date_gmt":"2018-06-26T09:10:16","guid":{"rendered":"http:\/\/laiz.fr\/wordpress\/?p=912"},"modified":"2026-02-17T09:16:17","modified_gmt":"2026-02-17T08:16:17","slug":"maladie-de-lyme","status":"publish","type":"post","link":"https:\/\/laiz.fr\/wordpress\/maladie-de-lyme\/","title":{"rendered":"Pr\u00e9vention nuisibles &#8211; Cambriolages&#8230;"},"content":{"rendered":"<h5>\u00a0<\/h5>\n<h5 style=\"text-align: center;\"><span style=\"color: #ff0000;\"><strong>Pr\u00e9vention cambriolages<\/strong><\/span><\/h5>\n<p><em>Pour limiter les risques ayez de bons r\u00e9flexes :<\/em><br \/><em>&#8211;&gt; Ne laissez pas d\u2019objets de valeur qui soient visibles \u00e0 travers les fen\u00eatres<\/em><br \/><em>&#8211;&gt; Programmez une ou plusieurs lampes \u00e0 la tomb\u00e9e de la nuit, afin de simuler une pr\u00e9sence<\/em><br \/><em>&#8211;&gt; D\u00e8s votre d\u00e9part, anticipez les fermetures de vos volets, ceux-ci retardent les effractions<\/em><br \/><em>&#8211;&gt; Ne laissez pas \u00e0 vue dans votre cour \u00e9chelles, outils, \u00e9chafaudages\u2026 et fermez \u00e0 cl\u00e9 les cabanons de jardin<\/em><br \/><em>&#8211;&gt; Installez autour de votre domicile des d\u00e9tecteurs de mouvement afin d&rsquo;allumer les ext\u00e9rieurs en cas de pr\u00e9sence<\/em><br \/>S<em>oyez attentifs, vigilants, signalez-nous tout comportement suspect en composant le 17. Aucun de vos signalements n&rsquo;est inutile !<\/em><\/p>\n<h5 style=\"text-align: center;\">&#8212;&#8212;&#8212;&#8212;&#8212;&#8212;-<\/h5>\n<h5 style=\"text-align: center;\"><span style=\"color: #008000;\"><strong>Lutte contre le moustique tigre<\/strong><\/span><\/h5>\n<p><a href=\"https:\/\/app.panneaupocket.com\/pdf\/189521999664f0fb5522de7.28071339-1716457397.pdf\" target=\"_blank\" rel=\"noopener\"><img loading=\"lazy\" decoding=\"async\" class=\"aligncenter\" src=\"https:\/\/app.panneaupocket.com\/image\/sign_pdf\/mobile_message\/189521999664f0fb5522de7.28071339-1716457397.pdf\" width=\"399\" height=\"564\" \/><\/a><\/p>\n<h5 style=\"text-align: center;\">&#8212;&#8212;&#8212;&#8212;&#8212;&#8212;&#8212;&#8211;<\/h5>\n<h5 style=\"text-align: center;\"><strong><span style=\"color: #008000;\">Lutte contre les frelons asiatiques<\/span><\/strong><\/h5>\n<p><span style=\"font-size: revert;\">A la moindre vue d\u2019un nid :<\/span><\/p>\n<div class=\"content\">\n<p>je d\u00e9clare sur le site\u00a0<a href=\"https:\/\/www.frelonsasiatiques.fr\/\" target=\"_blank\" rel=\"noopener noreferrer\">frelonsasiatiques.fr<\/a><\/p>\n<\/div>\n<p><a href=\"https:\/\/app.panneaupocket.com\/pdf\/125618030666221c8529a0a7.90540387-1713511557.pdf\" target=\"_blank\" rel=\"noopener\"><img loading=\"lazy\" decoding=\"async\" class=\"aligncenter\" src=\"https:\/\/app.panneaupocket.com\/image\/sign_pdf\/mobile_message\/125618030666221c8529a0a7.90540387-1713511557.pdf\" width=\"448\" height=\"634\" \/><\/a><\/p>\n<h5>\u00a0<\/h5>\n<h5 style=\"text-align: center;\">&#8212;&#8212;&#8212;&#8212;&#8212;&#8212;&#8212;<\/h5>\n<h5 style=\"text-align: center;\"><span style=\"color: #008000;\"><strong>Lutte contre les piqures de tiques<\/strong><\/span><\/h5>\n<p>Voici quelques documents pour comprendre la <strong>maladie de Lyme.<\/strong><\/p>\n<p><a href=\"https:\/\/laiz.fr\/wordpress\/wp-content\/uploads\/2021\/06\/Article-Lyme-1.pptx\"><em>janvier 2021 &#8211; Article Lyme<\/em><\/a><\/p>\n<p><em>Association Lym&rsquo;pact<\/em> qui \u0153uvre pour la pr\u00e9vention de la maladie de Lyme :<\/p>\n<p><a href=\"https:\/\/laiz.fr\/wordpress\/wp-content\/uploads\/2017\/02\/Affiche-pr\u00e9vention-tiques.jpg\"><img loading=\"lazy\" decoding=\"async\" class=\"size-medium wp-image-913 aligncenter\" src=\"https:\/\/laiz.fr\/wordpress\/wp-content\/uploads\/2017\/02\/Affiche-pr\u00e9vention-tiques-212x300.jpg\" alt=\"\" width=\"212\" height=\"300\" srcset=\"https:\/\/laiz.fr\/wordpress\/wp-content\/uploads\/2017\/02\/Affiche-pr\u00e9vention-tiques-212x300.jpg 212w, https:\/\/laiz.fr\/wordpress\/wp-content\/uploads\/2017\/02\/Affiche-pr\u00e9vention-tiques-768x1086.jpg 768w, https:\/\/laiz.fr\/wordpress\/wp-content\/uploads\/2017\/02\/Affiche-pr\u00e9vention-tiques-724x1024.jpg 724w, https:\/\/laiz.fr\/wordpress\/wp-content\/uploads\/2017\/02\/Affiche-pr\u00e9vention-tiques-600x848.jpg 600w, https:\/\/laiz.fr\/wordpress\/wp-content\/uploads\/2017\/02\/Affiche-pr\u00e9vention-tiques.jpg 1000w\" sizes=\"auto, (max-width: 212px) 100vw, 212px\" \/><\/a><\/p>\n<p>3-<em>Plaquettes de pr\u00e9vention \u00e9labor\u00e9es par Sant\u00e9 Publique France<\/em> en collaboration avec les associations de malades de Lyme dont Lym&rsquo;pact :<\/p>\n<ul>\n<li><a href=\"https:\/\/laiz.fr\/wordpress\/wp-content\/uploads\/2021\/06\/plaquette-maladie-de-lyme-sante-publique-france.pdf\">plaquette maladie de lyme\u00a0<\/a><\/li>\n<li><a href=\"https:\/\/laiz.fr\/wordpress\/wp-content\/uploads\/2021\/06\/plaquette-destinee-aux-enfants-tiques.pdf\">plaquette destin\u00e9e aux enfants tiques<\/a><\/li>\n<\/ul>\n<p>4-<em><a href=\"https:\/\/laiz.fr\/wordpress\/wp-content\/uploads\/2017\/02\/symptomes-maladie-de-Lyme.pdf\">symptomes maladie de Lyme<\/a><\/em><\/p>\n<p>5- <em>Questionnement autour de cette maladie<\/em> :<\/p>\n<ul>\n<li><a href=\"https:\/\/laiz.fr\/wordpress\/wp-content\/uploads\/2017\/02\/controverse-maladie-de-lyme.pdf\">controverse maladie de lyme<\/a><\/li>\n<li><a href=\"https:\/\/laiz.fr\/wordpress\/wp-content\/uploads\/2017\/02\/FAQ-Risque-transfusionnel.pdf\">FAQ Risque transfusionnel<\/a><\/li>\n<\/ul>\n\n","protected":false},"excerpt":{"rendered":"<p>\u00a0 Pr\u00e9vention cambriolages Pour limiter les risques ayez de bons r\u00e9flexes :&#8211;&gt; Ne laissez pas d\u2019objets de valeur qui soient visibles \u00e0 travers les fen\u00eatres&#8211;&gt; Programmez une ou plusieurs lampes \u00e0 la tomb\u00e9e de la nuit, afin de simuler une pr\u00e9sence&#8211;&gt; D\u00e8s votre d\u00e9part, anticipez les fermetures de vos volets, ceux-ci retardent les effractions&#8211;&gt; Ne &hellip; <a href=\"https:\/\/laiz.fr\/wordpress\/maladie-de-lyme\/\" class=\"more-link\">Continuer la lecture de <span class=\"screen-reader-text\">Pr\u00e9vention nuisibles &#8211; Cambriolages&#8230;<\/span>  <span class=\"meta-nav\">&rarr;<\/span><\/a><\/p>\n","protected":false},"author":1,"featured_media":0,"comment_status":"closed","ping_status":"closed","sticky":false,"template":"","format":"standard","meta":{"footnotes":""},"categories":[46],"tags":[],"class_list":["post-912","post","type-post","status-publish","format-standard","hentry","category-prevention"],"yoast_head":"<!-- This site is optimized with the Yoast SEO plugin v27.5 - https:\/\/yoast.com\/product\/yoast-seo-wordpress\/ -->\n<title>Pr\u00e9vention nuisibles - Cambriolages... - MAIRIE DE LAIZ<\/title>\n<meta name=\"robots\" content=\"index, follow, max-snippet:-1, max-image-preview:large, max-video-preview:-1\" \/>\n<link rel=\"canonical\" href=\"https:\/\/laiz.fr\/wordpress\/maladie-de-lyme\/\" \/>\n<meta property=\"og:locale\" content=\"fr_FR\" \/>\n<meta property=\"og:type\" content=\"article\" \/>\n<meta property=\"og:title\" content=\"Pr\u00e9vention nuisibles - Cambriolages... - MAIRIE DE LAIZ\" \/>\n<meta property=\"og:description\" content=\"\u00a0 Pr\u00e9vention cambriolages Pour limiter les risques ayez de bons r\u00e9flexes :&#8211;&gt; Ne laissez pas d\u2019objets de valeur qui soient visibles \u00e0 travers les fen\u00eatres&#8211;&gt; Programmez une ou plusieurs lampes \u00e0 la tomb\u00e9e de la nuit, afin de simuler une pr\u00e9sence&#8211;&gt; D\u00e8s votre d\u00e9part, anticipez les fermetures de vos volets, ceux-ci retardent les effractions&#8211;&gt; Ne &hellip; Continuer la lecture de Pr\u00e9vention nuisibles &#8211; Cambriolages&#8230; &rarr;\" \/>\n<meta property=\"og:url\" content=\"https:\/\/laiz.fr\/wordpress\/maladie-de-lyme\/\" \/>\n<meta property=\"og:site_name\" content=\"MAIRIE DE LAIZ\" \/>\n<meta property=\"article:publisher\" content=\"https:\/\/www.facebook.com\/villagedelaiz\" \/>\n<meta property=\"article:author\" content=\"https:\/\/www.facebook.com\/villagedelaiz\" \/>\n<meta property=\"article:published_time\" content=\"2018-06-26T09:10:16+00:00\" \/>\n<meta property=\"article:modified_time\" content=\"2026-02-17T08:16:17+00:00\" \/>\n<meta property=\"og:image\" content=\"https:\/\/app.panneaupocket.com\/image\/sign_pdf\/mobile_message\/189521999664f0fb5522de7.28071339-1716457397.pdf\" \/>\n<meta name=\"author\" content=\"S\u00e9bastien Schauving\" \/>\n<meta name=\"twitter:label1\" content=\"\u00c9crit par\" \/>\n\t<meta name=\"twitter:data1\" content=\"S\u00e9bastien Schauving\" \/>\n\t<meta name=\"twitter:label2\" content=\"Dur\u00e9e de lecture estim\u00e9e\" \/>\n\t<meta name=\"twitter:data2\" content=\"2 minutes\" \/>\n<script type=\"application\/ld+json\" class=\"yoast-schema-graph\">{\"@context\":\"https:\\\/\\\/schema.org\",\"@graph\":[{\"@type\":\"Article\",\"@id\":\"https:\\\/\\\/laiz.fr\\\/wordpress\\\/maladie-de-lyme\\\/#article\",\"isPartOf\":{\"@id\":\"https:\\\/\\\/laiz.fr\\\/wordpress\\\/maladie-de-lyme\\\/\"},\"author\":{\"name\":\"S\u00e9bastien Schauving\",\"@id\":\"https:\\\/\\\/laiz.fr\\\/wordpress\\\/#\\\/schema\\\/person\\\/77a4a54746e7c6eece2474c96338c6d0\"},\"headline\":\"Pr\u00e9vention nuisibles &#8211; Cambriolages&#8230;\",\"datePublished\":\"2018-06-26T09:10:16+00:00\",\"dateModified\":\"2026-02-17T08:16:17+00:00\",\"mainEntityOfPage\":{\"@id\":\"https:\\\/\\\/laiz.fr\\\/wordpress\\\/maladie-de-lyme\\\/\"},\"wordCount\":239,\"image\":{\"@id\":\"https:\\\/\\\/laiz.fr\\\/wordpress\\\/maladie-de-lyme\\\/#primaryimage\"},\"thumbnailUrl\":\"https:\\\/\\\/app.panneaupocket.com\\\/image\\\/sign_pdf\\\/mobile_message\\\/189521999664f0fb5522de7.28071339-1716457397.pdf\",\"articleSection\":[\"Pr\u00e9vention\"],\"inLanguage\":\"fr-FR\"},{\"@type\":\"WebPage\",\"@id\":\"https:\\\/\\\/laiz.fr\\\/wordpress\\\/maladie-de-lyme\\\/\",\"url\":\"https:\\\/\\\/laiz.fr\\\/wordpress\\\/maladie-de-lyme\\\/\",\"name\":\"Pr\u00e9vention nuisibles - Cambriolages... - MAIRIE DE LAIZ\",\"isPartOf\":{\"@id\":\"https:\\\/\\\/laiz.fr\\\/wordpress\\\/#website\"},\"primaryImageOfPage\":{\"@id\":\"https:\\\/\\\/laiz.fr\\\/wordpress\\\/maladie-de-lyme\\\/#primaryimage\"},\"image\":{\"@id\":\"https:\\\/\\\/laiz.fr\\\/wordpress\\\/maladie-de-lyme\\\/#primaryimage\"},\"thumbnailUrl\":\"https:\\\/\\\/app.panneaupocket.com\\\/image\\\/sign_pdf\\\/mobile_message\\\/189521999664f0fb5522de7.28071339-1716457397.pdf\",\"datePublished\":\"2018-06-26T09:10:16+00:00\",\"dateModified\":\"2026-02-17T08:16:17+00:00\",\"author\":{\"@id\":\"https:\\\/\\\/laiz.fr\\\/wordpress\\\/#\\\/schema\\\/person\\\/77a4a54746e7c6eece2474c96338c6d0\"},\"breadcrumb\":{\"@id\":\"https:\\\/\\\/laiz.fr\\\/wordpress\\\/maladie-de-lyme\\\/#breadcrumb\"},\"inLanguage\":\"fr-FR\",\"potentialAction\":[{\"@type\":\"ReadAction\",\"target\":[\"https:\\\/\\\/laiz.fr\\\/wordpress\\\/maladie-de-lyme\\\/\"]}]},{\"@type\":\"ImageObject\",\"inLanguage\":\"fr-FR\",\"@id\":\"https:\\\/\\\/laiz.fr\\\/wordpress\\\/maladie-de-lyme\\\/#primaryimage\",\"url\":\"https:\\\/\\\/app.panneaupocket.com\\\/image\\\/sign_pdf\\\/mobile_message\\\/189521999664f0fb5522de7.28071339-1716457397.pdf\",\"contentUrl\":\"https:\\\/\\\/app.panneaupocket.com\\\/image\\\/sign_pdf\\\/mobile_message\\\/189521999664f0fb5522de7.28071339-1716457397.pdf\"},{\"@type\":\"BreadcrumbList\",\"@id\":\"https:\\\/\\\/laiz.fr\\\/wordpress\\\/maladie-de-lyme\\\/#breadcrumb\",\"itemListElement\":[{\"@type\":\"ListItem\",\"position\":1,\"name\":\"Accueil\",\"item\":\"https:\\\/\\\/laiz.fr\\\/wordpress\\\/\"},{\"@type\":\"ListItem\",\"position\":2,\"name\":\"Pr\u00e9vention nuisibles &#8211; Cambriolages&#8230;\"}]},{\"@type\":\"WebSite\",\"@id\":\"https:\\\/\\\/laiz.fr\\\/wordpress\\\/#website\",\"url\":\"https:\\\/\\\/laiz.fr\\\/wordpress\\\/\",\"name\":\"MAIRIE DE LAIZ\",\"description\":\"Un village agr\u00e9able \u00e0 vivre\",\"potentialAction\":[{\"@type\":\"SearchAction\",\"target\":{\"@type\":\"EntryPoint\",\"urlTemplate\":\"https:\\\/\\\/laiz.fr\\\/wordpress\\\/?s={search_term_string}\"},\"query-input\":{\"@type\":\"PropertyValueSpecification\",\"valueRequired\":true,\"valueName\":\"search_term_string\"}}],\"inLanguage\":\"fr-FR\"},{\"@type\":\"Person\",\"@id\":\"https:\\\/\\\/laiz.fr\\\/wordpress\\\/#\\\/schema\\\/person\\\/77a4a54746e7c6eece2474c96338c6d0\",\"name\":\"S\u00e9bastien Schauving\",\"image\":{\"@type\":\"ImageObject\",\"inLanguage\":\"fr-FR\",\"@id\":\"https:\\\/\\\/secure.gravatar.com\\\/avatar\\\/9baa08d2b7992604fe677df465f2b52121b93976e79c93d64275cda3434b97ac?s=96&d=mm&r=g\",\"url\":\"https:\\\/\\\/secure.gravatar.com\\\/avatar\\\/9baa08d2b7992604fe677df465f2b52121b93976e79c93d64275cda3434b97ac?s=96&d=mm&r=g\",\"contentUrl\":\"https:\\\/\\\/secure.gravatar.com\\\/avatar\\\/9baa08d2b7992604fe677df465f2b52121b93976e79c93d64275cda3434b97ac?s=96&d=mm&r=g\",\"caption\":\"S\u00e9bastien Schauving\"},\"description\":\"Equipe communication de la mairie de Laiz\",\"sameAs\":[\"https:\\\/\\\/www.facebook.com\\\/villagedelaiz\"]}]}<\/script>\n<!-- \/ Yoast SEO plugin. -->","yoast_head_json":{"title":"Pr\u00e9vention nuisibles - Cambriolages... - MAIRIE DE LAIZ","robots":{"index":"index","follow":"follow","max-snippet":"max-snippet:-1","max-image-preview":"max-image-preview:large","max-video-preview":"max-video-preview:-1"},"canonical":"https:\/\/laiz.fr\/wordpress\/maladie-de-lyme\/","og_locale":"fr_FR","og_type":"article","og_title":"Pr\u00e9vention nuisibles - Cambriolages... - MAIRIE DE LAIZ","og_description":"\u00a0 Pr\u00e9vention cambriolages Pour limiter les risques ayez de bons r\u00e9flexes :&#8211;&gt; Ne laissez pas d\u2019objets de valeur qui soient visibles \u00e0 travers les fen\u00eatres&#8211;&gt; Programmez une ou plusieurs lampes \u00e0 la tomb\u00e9e de la nuit, afin de simuler une pr\u00e9sence&#8211;&gt; D\u00e8s votre d\u00e9part, anticipez les fermetures de vos volets, ceux-ci retardent les effractions&#8211;&gt; Ne &hellip; Continuer la lecture de Pr\u00e9vention nuisibles &#8211; Cambriolages&#8230; &rarr;","og_url":"https:\/\/laiz.fr\/wordpress\/maladie-de-lyme\/","og_site_name":"MAIRIE DE LAIZ","article_publisher":"https:\/\/www.facebook.com\/villagedelaiz","article_author":"https:\/\/www.facebook.com\/villagedelaiz","article_published_time":"2018-06-26T09:10:16+00:00","article_modified_time":"2026-02-17T08:16:17+00:00","og_image":[{"url":"https:\/\/app.panneaupocket.com\/image\/sign_pdf\/mobile_message\/189521999664f0fb5522de7.28071339-1716457397.pdf","type":"","width":"","height":""}],"author":"S\u00e9bastien Schauving","twitter_misc":{"\u00c9crit par":"S\u00e9bastien Schauving","Dur\u00e9e de lecture estim\u00e9e":"2 minutes"},"schema":{"@context":"https:\/\/schema.org","@graph":[{"@type":"Article","@id":"https:\/\/laiz.fr\/wordpress\/maladie-de-lyme\/#article","isPartOf":{"@id":"https:\/\/laiz.fr\/wordpress\/maladie-de-lyme\/"},"author":{"name":"S\u00e9bastien Schauving","@id":"https:\/\/laiz.fr\/wordpress\/#\/schema\/person\/77a4a54746e7c6eece2474c96338c6d0"},"headline":"Pr\u00e9vention nuisibles &#8211; Cambriolages&#8230;","datePublished":"2018-06-26T09:10:16+00:00","dateModified":"2026-02-17T08:16:17+00:00","mainEntityOfPage":{"@id":"https:\/\/laiz.fr\/wordpress\/maladie-de-lyme\/"},"wordCount":239,"image":{"@id":"https:\/\/laiz.fr\/wordpress\/maladie-de-lyme\/#primaryimage"},"thumbnailUrl":"https:\/\/app.panneaupocket.com\/image\/sign_pdf\/mobile_message\/189521999664f0fb5522de7.28071339-1716457397.pdf","articleSection":["Pr\u00e9vention"],"inLanguage":"fr-FR"},{"@type":"WebPage","@id":"https:\/\/laiz.fr\/wordpress\/maladie-de-lyme\/","url":"https:\/\/laiz.fr\/wordpress\/maladie-de-lyme\/","name":"Pr\u00e9vention nuisibles - Cambriolages... - MAIRIE DE LAIZ","isPartOf":{"@id":"https:\/\/laiz.fr\/wordpress\/#website"},"primaryImageOfPage":{"@id":"https:\/\/laiz.fr\/wordpress\/maladie-de-lyme\/#primaryimage"},"image":{"@id":"https:\/\/laiz.fr\/wordpress\/maladie-de-lyme\/#primaryimage"},"thumbnailUrl":"https:\/\/app.panneaupocket.com\/image\/sign_pdf\/mobile_message\/189521999664f0fb5522de7.28071339-1716457397.pdf","datePublished":"2018-06-26T09:10:16+00:00","dateModified":"2026-02-17T08:16:17+00:00","author":{"@id":"https:\/\/laiz.fr\/wordpress\/#\/schema\/person\/77a4a54746e7c6eece2474c96338c6d0"},"breadcrumb":{"@id":"https:\/\/laiz.fr\/wordpress\/maladie-de-lyme\/#breadcrumb"},"inLanguage":"fr-FR","potentialAction":[{"@type":"ReadAction","target":["https:\/\/laiz.fr\/wordpress\/maladie-de-lyme\/"]}]},{"@type":"ImageObject","inLanguage":"fr-FR","@id":"https:\/\/laiz.fr\/wordpress\/maladie-de-lyme\/#primaryimage","url":"https:\/\/app.panneaupocket.com\/image\/sign_pdf\/mobile_message\/189521999664f0fb5522de7.28071339-1716457397.pdf","contentUrl":"https:\/\/app.panneaupocket.com\/image\/sign_pdf\/mobile_message\/189521999664f0fb5522de7.28071339-1716457397.pdf"},{"@type":"BreadcrumbList","@id":"https:\/\/laiz.fr\/wordpress\/maladie-de-lyme\/#breadcrumb","itemListElement":[{"@type":"ListItem","position":1,"name":"Accueil","item":"https:\/\/laiz.fr\/wordpress\/"},{"@type":"ListItem","position":2,"name":"Pr\u00e9vention nuisibles &#8211; Cambriolages&#8230;"}]},{"@type":"WebSite","@id":"https:\/\/laiz.fr\/wordpress\/#website","url":"https:\/\/laiz.fr\/wordpress\/","name":"MAIRIE DE LAIZ","description":"Un village agr\u00e9able \u00e0 vivre","potentialAction":[{"@type":"SearchAction","target":{"@type":"EntryPoint","urlTemplate":"https:\/\/laiz.fr\/wordpress\/?s={search_term_string}"},"query-input":{"@type":"PropertyValueSpecification","valueRequired":true,"valueName":"search_term_string"}}],"inLanguage":"fr-FR"},{"@type":"Person","@id":"https:\/\/laiz.fr\/wordpress\/#\/schema\/person\/77a4a54746e7c6eece2474c96338c6d0","name":"S\u00e9bastien Schauving","image":{"@type":"ImageObject","inLanguage":"fr-FR","@id":"https:\/\/secure.gravatar.com\/avatar\/9baa08d2b7992604fe677df465f2b52121b93976e79c93d64275cda3434b97ac?s=96&d=mm&r=g","url":"https:\/\/secure.gravatar.com\/avatar\/9baa08d2b7992604fe677df465f2b52121b93976e79c93d64275cda3434b97ac?s=96&d=mm&r=g","contentUrl":"https:\/\/secure.gravatar.com\/avatar\/9baa08d2b7992604fe677df465f2b52121b93976e79c93d64275cda3434b97ac?s=96&d=mm&r=g","caption":"S\u00e9bastien Schauving"},"description":"Equipe communication de la mairie de Laiz","sameAs":["https:\/\/www.facebook.com\/villagedelaiz"]}]}},"_links":{"self":[{"href":"https:\/\/laiz.fr\/wordpress\/wp-json\/wp\/v2\/posts\/912","targetHints":{"allow":["GET"]}}],"collection":[{"href":"https:\/\/laiz.fr\/wordpress\/wp-json\/wp\/v2\/posts"}],"about":[{"href":"https:\/\/laiz.fr\/wordpress\/wp-json\/wp\/v2\/types\/post"}],"author":[{"embeddable":true,"href":"https:\/\/laiz.fr\/wordpress\/wp-json\/wp\/v2\/users\/1"}],"replies":[{"embeddable":true,"href":"https:\/\/laiz.fr\/wordpress\/wp-json\/wp\/v2\/comments?post=912"}],"version-history":[{"count":14,"href":"https:\/\/laiz.fr\/wordpress\/wp-json\/wp\/v2\/posts\/912\/revisions"}],"predecessor-version":[{"id":6896,"href":"https:\/\/laiz.fr\/wordpress\/wp-json\/wp\/v2\/posts\/912\/revisions\/6896"}],"wp:attachment":[{"href":"https:\/\/laiz.fr\/wordpress\/wp-json\/wp\/v2\/media?parent=912"}],"wp:term":[{"taxonomy":"category","embeddable":true,"href":"https:\/\/laiz.fr\/wordpress\/wp-json\/wp\/v2\/categories?post=912"},{"taxonomy":"post_tag","embeddable":true,"href":"https:\/\/laiz.fr\/wordpress\/wp-json\/wp\/v2\/tags?post=912"}],"curies":[{"name":"wp","href":"https:\/\/api.w.org\/{rel}","templated":true}]}}